{"id":12895,"date":"2025-04-16T13:57:25","date_gmt":"2025-04-16T11:57:25","guid":{"rendered":"https:\/\/www.ferrieres-paris.com\/?post_type=presse_medias&#038;p=12895"},"modified":"2025-04-16T13:59:56","modified_gmt":"2025-04-16T11:59:56","slug":"gout-de-france-2025-at-the-chateau-de-ferrieres-excellence-transmission-and-hybridisation-of-knowledge","status":"publish","type":"presse_medias","link":"https:\/\/ferrieres-paris.devsecureweb.com\/en\/presse_medias\/gout-de-france-2025-at-the-chateau-de-ferrieres-excellence-transmission-and-hybridisation-of-knowledge\/","title":{"rendered":"Go\u00fbt de France 2025 at the Ch\u00e2teau de Ferri\u00e8res: excellence, transmission and hybridisation of knowledge"},"content":{"rendered":" <h2 class=\"wp-block-heading\">An exceptional evening supported by the students of the GA Education schools<\/h2> <p>The 2025 edition of Go\u00fbt de France was celebrated in style at the Ch\u00e2teau de Ferri\u00e8res, in a setting emblematic of French history. The event brought together students, teachers and representatives from the three schools in the GA Education group: Ferri\u00e8res Hospitality &amp;amp; Luxury Management School, Ecole 89 and European Business School.<\/p> <p>Conceived as a life-size learning experience, the evening actively involved students at all levels. Whether in the kitchen or the dining room, organising logistics or welcoming guests, they put into practice the skills they had acquired throughout the year. Under the guidance of their teachers, they rose to the challenge with rigour, creativity and professionalism.<\/p> <h2 class=\"wp-block-heading\">Powerful testimonials and a shared commitment<\/h2> <div style=\"display: flex; gap: 20px; align-items: center;\"> <figure class=\"wp-block-image\" style=\"margin: 0;\"> <img decoding=\"async\" src=\"https:\/\/lh7-rt.googleusercontent.com\/docsz\/AD_4nXc0BaHOo76VStU3fj55hu7D4FPuicz-bwDPJxR_Nx4BVVzYxJhu04wemsp2JOdHqWllylgNCQrZjBeMEMrysYtVJp2SQYwZFyyW9jm3ei31m6GXxR4giC8VSCZW3YMfjYQ?key=OV_KvXOz4TqP925-9VecGuSs\" alt=\"\" style=\"width: 420px; height: auto;\" \/> <\/figure> <figure class=\"wp-block-image\" style=\"margin: 0;\"> <img decoding=\"async\" src=\"https:\/\/lh7-rt.googleusercontent.com\/docsz\/AD_4nXeRwP5MktDHZCRW0u_YP3srSblREF4FQm3vP3inC1tyux_0Q4O-m_7p6hQJA_cruBTOIV64v96sGMdOsZCmZS7-wDut0r7KMpXSJGpye1LsO85KsAb_h-358wdROFLj6iQ?key=OV_KvXOz4TqP925-9VecGuSs\" alt=\"\" style=\"width: 420px; height: auto;\" \/> <\/figure> <\/div> <p><\/p> <p>During the evening, a number of students and alumni who have received grants took the floor to talk about the tangible impact of the Ferri\u00e8res Endowment Fund on their careers. Their stories highlighted the importance of this support in the construction of ambitious projects that are accessible to all, and promising for the future.<\/p> <p>The presence of representatives from the fund, as well as from the group&#8217;s three schools, reinforced the sense of collective commitment to transmission, inclusion and educational innovation.<\/p> <h2 class=\"wp-block-heading\"><strong>A gastronomic celebration worthy of the occasion<\/strong><\/h2> <div style=\"display: flex; gap: 20px; align-items: center; flex-wrap: wrap;\"> <figure class=\"wp-block-image\" style=\"margin: 0;\"> <img decoding=\"async\" src=\"https:\/\/ferrieres-paris.devsecureweb.com\/wp-content\/uploads\/2025\/04\/unnamed-4-1024x683.jpg\" alt=\"\" style=\"width: 420px; height: auto;\" \/> <\/figure> <figure class=\"wp-block-image\" style=\"margin: 0;\"> <img decoding=\"async\" src=\"https:\/\/ferrieres-paris.devsecureweb.com\/wp-content\/uploads\/2025\/04\/unnamed-5-1024x683.jpg\" alt=\"\" style=\"width: 420px; height: auto;\" \/> <\/figure> <\/div> <p><\/p> <p>The highlight of the evening was the tasting of a gourmet menu. Made with seasonal ingredients, it was prepared by the students of Ferri\u00e8res, accompanied by their chefs. The service, also provided by the students, helped make this dinner an immersive experience, in keeping with the finest traditions of hospitality.<\/p> <p>This convivial moment also encouraged exchanges between students from different schools, in an atmosphere that was both professional and warm.<\/p> <h2 class=\"wp-block-heading\"><strong>Audace 6.0: a shared campus for a new generation of professionals<\/strong><\/h2> <div style=\"display: flex; gap: 20px; align-items: center; flex-wrap: wrap;\"> <figure class=\"wp-block-image\" style=\"margin: 0;\"> <img decoding=\"async\" src=\"https:\/\/ferrieres-paris.devsecureweb.com\/wp-content\/uploads\/2025\/04\/unnamed-6-1024x683.jpg\" alt=\"\" style=\"width: 420px; height: auto;\" \/> <\/figure> <figure class=\"wp-block-image\" style=\"margin: 0;\"> <img decoding=\"async\" src=\"https:\/\/ferrieres-paris.devsecureweb.com\/wp-content\/uploads\/2025\/04\/unnamed-7-1024x683.jpg\" alt=\"\" style=\"width: 420px; height: auto;\" \/> <\/figure> <\/div> <p><\/p> <p>\u00c0 l\u2019occasion de cette soir\u00e9e, <strong>Khalil Khater<\/strong>, Pr\u00e9sident Fondateur du <strong>Groupe Accelis Education<\/strong>, a profit\u00e9 de sa prise de parole pour parler du projet <strong>Audace 6.0<\/strong>. Ce nouveau chapitre pr\u00e9voit la <strong>cr\u00e9ation d\u2019un campus commun<\/strong>, rassemblant les trois \u00e9coles du groupe GA Education : <strong>Ferri\u00e8res, 89 et EBS Paris<\/strong>.<\/p> <p>Ce futur campus a \u00e9t\u00e9 pens\u00e9 comme une <strong>maison commune des professionnels de demain<\/strong>, un lieu d\u2019apprentissage dynamique et collaboratif o\u00f9 les expertises en <strong>h\u00f4tellerie, digital et management<\/strong> pourront dialoguer et s\u2019enrichir mutuellement. Il permettra de structurer des parcours hybrides, ouverts sur l\u2019innovation, la cr\u00e9ativit\u00e9 et les grands d\u00e9fis contemporains<\/p> <p>Ce projet s\u2019inscrit dans le cadre du <strong>Fusion Trail<\/strong>, d\u00e9marche fondatrice port\u00e9e par GA Education. Il illustre l\u2019ambition du groupe de <strong>r\u00e9inventer les modalit\u00e9s d\u2019enseignement sup\u00e9rieur<\/strong> en favorisant l\u2019<strong>hybridation des savoirs<\/strong>, la <strong>transversalit\u00e9 des comp\u00e9tences<\/strong> et la <strong>coop\u00e9ration interdisciplinaire<\/strong>, au service d\u2019une p\u00e9dagogie engag\u00e9e, agile et tourn\u00e9e vers l\u2019avenir.<\/p> <!-- Side by side images --> <div style=\"display: flex; gap: 20px; align-items: center; flex-wrap: wrap;\"> <figure class=\"wp-block-image\" style=\"margin: 0;\"> <img decoding=\"async\" src=\"https:\/\/ferrieres-paris.devsecureweb.com\/wp-content\/uploads\/2025\/04\/undefined-1-1.jpg\" alt=\"\" style=\"width: 420px; height: auto;\" \/> <\/figure> <figure class=\"wp-block-image\" style=\"margin: 0;\"> <img decoding=\"async\" src=\"https:\/\/ferrieres-paris.devsecureweb.com\/wp-content\/uploads\/2025\/04\/unnamed-2-1024x682.jpg\" alt=\"\" style=\"width: 420px; height: auto;\" \/> <\/figure> <\/div> <!-- Full width image below --> <div style=\"display: flex; gap: 20px; align-items: center; flex-wrap: wrap;\"> <figure class=\"wp-block-image\" style=\"margin: 14px auto;\"> <img decoding=\"async\" src=\"https:\/\/ferrieres-paris.devsecureweb.com\/wp-content\/uploads\/2025\/04\/unnamed-1-1024x682.jpg\" alt=\"\" style=\"width: 87%; height: auto;\" \/> <\/figure> <\/div> ","protected":false},"featured_media":12902,"template":"","tags":[],"class_list":["post-12895","presse_medias","type-presse_medias","status-publish","has-post-thumbnail","hentry"],"acf":[],"_links":{"self":[{"href":"https:\/\/ferrieres-paris.devsecureweb.com\/en\/wp-json\/wp\/v2\/presse_medias\/12895","targetHints":{"allow":["GET"]}}],"collection":[{"href":"https:\/\/ferrieres-paris.devsecureweb.com\/en\/wp-json\/wp\/v2\/presse_medias"}],"about":[{"href":"https:\/\/ferrieres-paris.devsecureweb.com\/en\/wp-json\/wp\/v2\/types\/presse_medias"}],"wp:featuredmedia":[{"embeddable":true,"href":"https:\/\/ferrieres-paris.devsecureweb.com\/en\/wp-json\/wp\/v2\/media\/12902"}],"wp:attachment":[{"href":"https:\/\/ferrieres-paris.devsecureweb.com\/en\/wp-json\/wp\/v2\/media?parent=12895"}],"wp:term":[{"taxonomy":"post_tag","embeddable":true,"href":"https:\/\/ferrieres-paris.devsecureweb.com\/en\/wp-json\/wp\/v2\/tags?post=12895"}],"curies":[{"name":"wp","href":"https:\/\/api.w.org\/{rel}","templated":true}]}}